{"id":49756,"date":"2021-10-28T14:38:00","date_gmt":"2021-10-28T12:38:00","guid":{"rendered":"https:\/\/www.globesy.sk\/2021\/10\/28\/na-misto-konzultanta-jsem-nastoupil-jako-cerstvy-absolvent-jaka-byla-zkusebni-doba\/"},"modified":"2026-02-25T14:50:55","modified_gmt":"2026-02-25T13:50:55","slug":"na-misto-konzultanta-jsem-nastoupil-jako-cerstvy-absolvent-jaka-byla-zkusebni-doba","status":"publish","type":"post","link":"https:\/\/www.globesy.sk\/cs\/2021\/10\/28\/na-misto-konzultanta-jsem-nastoupil-jako-cerstvy-absolvent-jaka-byla-zkusebni-doba\/","title":{"rendered":"Na m\u00edsto konzultanta jsem nastoupil jako \u010derstv\u00fd absolvent. Jak\u00e1 byla zku\u0161ebn\u00ed doba?"},"content":{"rendered":"\t\t<div data-elementor-type=\"wp-post\" data-elementor-id=\"49756\" class=\"elementor elementor-49756 elementor-7481\" data-elementor-post-type=\"post\">\n\t\t\t\t\t\t<section class=\"has_eae_slider elementor-section elementor-top-section elementor-element elementor-element-407bc5cb elementor-section-boxed elementor-section-height-default elementor-section-height-default\" data-eae-slider=\"85428\" data-id=\"407bc5cb\" data-element_type=\"section\" data-e-type=\"section\">\n\t\t\t\t\t\t<div class=\"elementor-container elementor-column-gap-default\">\n\t\t\t\t\t<div class=\"has_eae_slider elementor-column elementor-col-100 elementor-top-column elementor-element elementor-element-7c85a48f\" data-eae-slider=\"49951\" data-id=\"7c85a48f\" data-element_type=\"column\" data-e-type=\"column\">\n\t\t\t<div class=\"elementor-widget-wrap elementor-element-populated\">\n\t\t\t\t\t\t<div class=\"elementor-element elementor-element-d475689 elementor-widget elementor-widget-text-editor\" data-id=\"d475689\" data-element_type=\"widget\" data-e-type=\"widget\" data-widget_type=\"text-editor.default\">\n\t\t\t\t<div class=\"elementor-widget-container\">\n\t\t\t\t\t\t\t\t\t<p>Dnes je to o n\u011bco m\u00e1lo v\u00edce ne\u017e t\u0159i m\u011bs\u00edce, co jsem nastoupil do GLOBESY jako junior konzultant. Byla to v\u017edy moje vysn\u011bn\u00e1 pr\u00e1ce? Kdybych \u0159ekl ano, lhal bych. Ne v\u0161ak proto, \u017ee by m\u011b nebavila nebo mi na n\u00ed n\u011bco vadilo.   <\/p>\n<p>S t\u00edm probl\u00e9m nen\u00ed. Jen je t\u011b\u017ek\u00e9 mluvit o dream jobu, kdy\u017e jsem se p\u00e1r dn\u00ed p\u0159ed odesl\u00e1n\u00edm CV dozv\u011bd\u011bl, \u017ee takov\u00e1 pozice v\u016fbec existuje. <\/p>\t\t\t\t\t\t\t\t<\/div>\n\t\t\t\t<\/div>\n\t\t\t\t<div class=\"elementor-element elementor-element-6ce5abb elementor-widget elementor-widget-heading\" data-id=\"6ce5abb\" data-element_type=\"widget\" data-e-type=\"widget\" data-widget_type=\"heading.default\">\n\t\t\t\t<div class=\"elementor-widget-container\">\n\t\t\t\t\t<h3 class=\"elementor-heading-title elementor-size-default\">Bez praxe nejsou kol\u00e1\u010de?<\/h3>\t\t\t\t<\/div>\n\t\t\t\t<\/div>\n\t\t\t\t<div class=\"elementor-element elementor-element-1fcf4d7 elementor-widget elementor-widget-text-editor\" data-id=\"1fcf4d7\" data-element_type=\"widget\" data-e-type=\"widget\" data-widget_type=\"text-editor.default\">\n\t\t\t\t<div class=\"elementor-widget-container\">\n\t\t\t\t\t\t\t\t\t<p>Za\u010dnu trochu oklikou. Pr\u00e1ci jsem si za\u010dal hledat hned po \u0161kole. IT m\u011b zaj\u00edmalo a proch\u00e1zel jsem si r\u016fzn\u00e9 nab\u00eddky, ale nar\u00e1\u017eel jsem na podm\u00ednku minim\u00e1ln\u011b ro\u010dn\u00ed praxe a ide\u00e1ln\u011b i studia p\u0159\u00edbuzn\u00e9ho oboru.  <\/p>\n<p>Nespl\u0148oval jsem ani jedno. M\u011bl jsem za sebou n\u011bkolik brig\u00e1d b\u011bhem studia a diplom z fakulty, kter\u00e1 m\u011b p\u0159ipravovala na kari\u00e9ru v oblasti bezpe\u010dnosti, respektive ochrany osob a majetku.  <\/p>\t\t\t\t\t\t\t\t<\/div>\n\t\t\t\t<\/div>\n\t\t\t\t<div class=\"elementor-element elementor-element-a1c73af elementor-widget elementor-widget-heading\" data-id=\"a1c73af\" data-element_type=\"widget\" data-e-type=\"widget\" data-widget_type=\"heading.default\">\n\t\t\t\t<div class=\"elementor-widget-container\">\n\t\t\t\t\t<h3 class=\"elementor-heading-title elementor-size-default\">\u0160\u0165astn\u00e1 n\u00e1hoda<\/h3>\t\t\t\t<\/div>\n\t\t\t\t<\/div>\n\t\t\t\t<div class=\"elementor-element elementor-element-94b2f4a elementor-widget elementor-widget-text-editor\" data-id=\"94b2f4a\" data-element_type=\"widget\" data-e-type=\"widget\" data-widget_type=\"text-editor.default\">\n\t\t\t\t<div class=\"elementor-widget-container\">\n\t\t\t\t\t\t\t\t\t<p>O pr\u00e1ci support konzultanta jsem se tehdy dozv\u011bd\u011bl v podstat\u011b \u0161\u0165astnou n\u00e1hodou. Kamar\u00e1d mi zm\u00ednil, \u017ee ve firm\u011b pr\u00e1v\u011b hledaj\u00ed n\u011bkoho na pozici, kter\u00e1 kombinuje \u0159e\u0161en\u00ed helpdesku a dal\u0161\u00edch z\u00e1kaznick\u00fdch po\u017eadavk\u016f s rol\u00ed testera. <\/p>\n<p>Pr\u00fd bych to mohl zkusit. Praxe nebyla nutn\u00e1 a podm\u00ednkou nebylo ani p\u0159edchoz\u00ed studium IT. Na druhou stranu to bylo pot\u0159eba dohnat chut\u00ed u\u010dit se, p\u0159ehledem v technologi\u00edch a dobrou komunikac\u00ed. \u0158ekl jsem si \u2013 pro\u010d ne.    <\/p>\n<p>Poslal jsem \u017eivotopis a o p\u00e1r dn\u00ed pozd\u011bji jsem na online pohovoru poznal dv\u011b Katky. Jedna byla personalistka a druh\u00e1 moje sou\u010dasn\u00e1 team leaderka. <\/p>\t\t\t\t\t\t\t\t<\/div>\n\t\t\t\t<\/div>\n\t\t\t\t<div class=\"elementor-element elementor-element-11f3750 elementor-widget elementor-widget-heading\" data-id=\"11f3750\" data-element_type=\"widget\" data-e-type=\"widget\" data-widget_type=\"heading.default\">\n\t\t\t\t<div class=\"elementor-widget-container\">\n\t\t\t\t\t<h3 class=\"elementor-heading-title elementor-size-default\">Nau\u010dit se, p\u0159ipravit, odprezentovat<\/h3>\t\t\t\t<\/div>\n\t\t\t\t<\/div>\n\t\t\t\t<div class=\"elementor-element elementor-element-e923b84 elementor-widget elementor-widget-text-editor\" data-id=\"e923b84\" data-element_type=\"widget\" data-e-type=\"widget\" data-widget_type=\"text-editor.default\">\n\t\t\t\t<div class=\"elementor-widget-container\">\n\t\t\t\t\t\t\t\t\t<p>Na pohovoru bylo jasn\u011b \u0159e\u010deno, \u017ee si budu muset hodn\u011b v\u011bc\u00ed dostudovat. A tak se tak\u00e9 stalo. Prvn\u00ed dny jsem si pro\u0161el firmu, sezn\u00e1mil se s kolegy a pustil se do u\u010den\u00ed.  <\/p>\n<p>\u010cekala m\u011b spousta \u010dten\u00ed a r\u016fzn\u00fdch manu\u00e1l\u016f, ale nebylo to jen o teorii. M\u011bl jsem si nastudovat aplikaci vyvinutou v GLOBESY a p\u0159ipravit k n\u00ed testovac\u00ed sc\u00e9n\u00e1\u0159e. <\/p>\n<p>Asi po dvou m\u011bs\u00edc\u00edch jsem toto \u00favodn\u00ed zad\u00e1n\u00ed prezentoval t\u00fdmu. \u010cekal jsem trochu dusnou \u201ezkou\u0161kovou\u201c atmosf\u00e9ru, ale nakonec to bylo \u00fapln\u011b v pohod\u011b. Dostal jsem p\u00e1r tip\u016f od zku\u0161en\u011bj\u0161\u00edch koleg\u016f, jak d\u011blat v\u011bci jinak a na co se v budoucnu zam\u011b\u0159it.  <\/p>\t\t\t\t\t\t\t\t<\/div>\n\t\t\t\t<\/div>\n\t\t\t\t<div class=\"elementor-element elementor-element-d622997 elementor-widget elementor-widget-heading\" data-id=\"d622997\" data-element_type=\"widget\" data-e-type=\"widget\" data-widget_type=\"heading.default\">\n\t\t\t\t<div class=\"elementor-widget-container\">\n\t\t\t\t\t<h3 class=\"elementor-heading-title elementor-size-default\">Kam d\u00e1l?<\/h3>\t\t\t\t<\/div>\n\t\t\t\t<\/div>\n\t\t\t\t<div class=\"elementor-element elementor-element-3e7886f elementor-widget elementor-widget-text-editor\" data-id=\"3e7886f\" data-element_type=\"widget\" data-e-type=\"widget\" data-widget_type=\"text-editor.default\">\n\t\t\t\t<div class=\"elementor-widget-container\">\n\t\t\t\t\t\t\t\t\t<p>Popri pr\u00e1ci na \u00favodn\u00edm zad\u00e1n\u00ed jsem postupn\u011b p\u0159i\u010dichl k r\u016fzn\u00fdm t\u00e9mat\u016fm. Pod dohledem koleg\u016f z t\u00fdmu jsem se jako support konzultant za\u010dal zapojovat do service desku, \u0159e\u0161en\u00ed jednodu\u0161\u0161\u00edch incident\u016f a postupn\u011b se u\u010d\u00edm i to, jak d\u011blat \u0161kolen\u00ed pro u\u017eivatele. <\/p>\n<p>D\u00edky tomu u\u017e s\u00e1m l\u00e9pe v\u00edm, co m\u011b bav\u00ed a kter\u00fdm sm\u011brem bych se cht\u011bl ub\u00edrat. Testov\u00e1n\u00ed m\u011b bav\u00ed, ale v ur\u010dit\u00e9 f\u00e1zi p\u0159ech\u00e1z\u00ed do programov\u00e1n\u00ed, kde se \u00fapln\u011b nevid\u00edm. <\/p>\n<p>Konzultov\u00e1n\u00ed je na druhou stranu r\u016fznorod\u00e9 a kdykoliv mohou nastat situace, kter\u00e9 by m\u011b nikdy nenapadly. A to m\u011b bav\u00ed. Komunikovat s lidmi, u\u010dit se nov\u00e9 v\u011bci, \u0159e\u0161it ne\u010dekan\u00e9 probl\u00e9my. A pr\u00e1v\u011b t\u00edmto \u010dist\u011b konzultantsk\u00fdm sm\u011brem bych se cht\u011bl do budoucna profilovat.    <\/p>\t\t\t\t\t\t\t\t<\/div>\n\t\t\t\t<\/div>\n\t\t\t\t<div class=\"elementor-element elementor-element-e415648 elementor-widget elementor-widget-heading\" data-id=\"e415648\" data-element_type=\"widget\" data-e-type=\"widget\" data-widget_type=\"heading.default\">\n\t\t\t\t<div class=\"elementor-widget-container\">\n\t\t\t\t\t<h3 class=\"elementor-heading-title elementor-size-default\">Co m\u011b p\u0159ekvapilo<\/h3>\t\t\t\t<\/div>\n\t\t\t\t<\/div>\n\t\t\t\t<div class=\"elementor-element elementor-element-4128cc6 elementor-widget elementor-widget-text-editor\" data-id=\"4128cc6\" data-element_type=\"widget\" data-e-type=\"widget\" data-widget_type=\"text-editor.default\">\n\t\t\t\t<div class=\"elementor-widget-container\">\n\t\t\t\t\t\t\t\t\t<p>Nebudu lh\u00e1t, ze za\u010d\u00e1tku je toho opravdu hodn\u011b. Poznal jsem tu ale skv\u011bl\u00e9 lidi a l\u00edb\u00ed se mi nastaven\u00ed, \u017ee jsme v\u0161ichni kolegov\u00e9 a ka\u017ed\u00fd ka\u017ed\u00e9mu pom\u00e1h\u00e1, co\u017e asi nen\u00ed samoz\u0159ejmost. <\/p>\n<p>U\u010den\u00ed je sice st\u00e1le hodn\u011b, ale to mi samo o sob\u011b nijak nevad\u00ed. Dokonce m\u011b to bav\u00ed, proto\u017ee ka\u017ed\u00e1 nov\u00e1 v\u011bc m\u011b n\u011bkam posune. A n\u011bkdy m\u011b samotn\u00e9ho p\u0159ekvapuje, kam se \u010dlov\u011bk dok\u00e1\u017ee za pom\u011brn\u011b kr\u00e1tkou dobu posunout.  <\/p>\n<p>O to zaj\u00edmav\u011bj\u0161\u00ed je, \u017ee jsem je\u0161t\u011b p\u0159ed p\u00e1r m\u011bs\u00edci ani nev\u011bd\u011bl, \u017ee takov\u00e1 pr\u00e1ce v\u016fbec existuje.<\/p>\t\t\t\t\t\t\t\t<\/div>\n\t\t\t\t<\/div>\n\t\t\t\t\t<\/div>\n\t\t<\/div>\n\t\t\t\t\t<\/div>\n\t\t<\/section>\n\t\t\t\t<\/div>\n\t\t","protected":false},"excerpt":{"rendered":"<p>Dnes je to o n\u011bco m\u00e1lo v\u00edce ne\u017e t\u0159i m\u011bs\u00edce, co jsem nastoupil do GLOBESY jako junior konzultant. Byla to v\u017edy moje vysn\u011bn\u00e1 pr\u00e1ce? Kdybych \u0159ekl ano, lhal bych. Ne v\u0161ak proto, \u017ee by m\u011b nebavila nebo mi na n\u00ed n\u011bco vadilo. S t\u00edm probl\u00e9m nen\u00ed. Jen je t\u011b\u017ek\u00e9 mluvit o dream jobu, kdy\u017e jsem [&hellip;]<\/p>\n","protected":false},"author":2,"featured_media":48219,"comment_status":"open","ping_status":"open","sticky":false,"template":"","format":"standard","meta":{"inline_featured_image":false,"site-sidebar-layout":"default","site-content-layout":"","ast-site-content-layout":"default","site-content-style":"default","site-sidebar-style":"default","ast-global-header-display":"","ast-banner-title-visibility":"","ast-main-header-display":"","ast-hfb-above-header-display":"","ast-hfb-below-header-display":"","ast-hfb-mobile-header-display":"","site-post-title":"","ast-breadcrumbs-content":"","ast-featured-img":"","footer-sml-layout":"","ast-disable-related-posts":"","theme-transparent-header-meta":"","adv-header-id-meta":"","stick-header-meta":"","header-above-stick-meta":"","header-main-stick-meta":"","header-below-stick-meta":"","astra-migrate-meta-layouts":"default","ast-page-background-enabled":"default","ast-page-background-meta":{"desktop":{"background-color":"var(--ast-global-color-4)","background-image":"","background-repeat":"repeat","background-position":"center center","background-size":"auto","background-attachment":"scroll","background-type":"","background-media":"","overlay-type":"","overlay-color":"","overlay-opacity":"","overlay-gradient":""},"tablet":{"background-color":"","background-image":"","background-repeat":"repeat","background-position":"center center","background-size":"auto","background-attachment":"scroll","background-type":"","background-media":"","overlay-type":"","overlay-color":"","overlay-opacity":"","overlay-gradient":""},"mobile":{"background-color":"","background-image":"","background-repeat":"repeat","background-position":"center center","background-size":"auto","background-attachment":"scroll","background-type":"","background-media":"","overlay-type":"","overlay-color":"","overlay-opacity":"","overlay-gradient":""}},"ast-content-background-meta":{"desktop":{"background-color":"var(--ast-global-color-5)","background-image":"","background-repeat":"repeat","background-position":"center center","background-size":"auto","background-attachment":"scroll","background-type":"","background-media":"","overlay-type":"","overlay-color":"","overlay-opacity":"","overlay-gradient":""},"tablet":{"background-color":"var(--ast-global-color-5)","background-image":"","background-repeat":"repeat","background-position":"center center","background-size":"auto","background-attachment":"scroll","background-type":"","background-media":"","overlay-type":"","overlay-color":"","overlay-opacity":"","overlay-gradient":""},"mobile":{"background-color":"var(--ast-global-color-5)","background-image":"","background-repeat":"repeat","background-position":"center center","background-size":"auto","background-attachment":"scroll","background-type":"","background-media":"","overlay-type":"","overlay-color":"","overlay-opacity":"","overlay-gradient":""}},"footnotes":""},"categories":[75],"tags":[],"class_list":["post-49756","post","type-post","status-publish","format-standard","has-post-thumbnail","hentry","category-employee-story-cs"],"yoast_head":"<!-- This site is optimized with the Yoast SEO plugin v27.4 - https:\/\/yoast.com\/product\/yoast-seo-wordpress\/ -->\n<title>Na m\u00edsto konzultanta jsem nastoupil jako \u010derstv\u00fd absolvent. Jak\u00e1 byla zku\u0161ebn\u00ed doba? - GLOBESY, s.r.o.<\/title>\n<meta name=\"robots\" content=\"index, follow, max-snippet:-1, max-image-preview:large, max-video-preview:-1\" \/>\n<link rel=\"canonical\" href=\"https:\/\/www.globesy.sk\/cs\/2021\/10\/28\/na-misto-konzultanta-jsem-nastoupil-jako-cerstvy-absolvent-jaka-byla-zkusebni-doba\/\" \/>\n<meta property=\"og:locale\" content=\"cs_CZ\" \/>\n<meta property=\"og:type\" content=\"article\" \/>\n<meta property=\"og:title\" content=\"Na m\u00edsto konzultanta jsem nastoupil jako \u010derstv\u00fd absolvent. Jak\u00e1 byla zku\u0161ebn\u00ed doba? - GLOBESY, s.r.o.\" \/>\n<meta property=\"og:description\" content=\"Dnes je to o n\u011bco m\u00e1lo v\u00edce ne\u017e t\u0159i m\u011bs\u00edce, co jsem nastoupil do GLOBESY jako junior konzultant. Byla to v\u017edy moje vysn\u011bn\u00e1 pr\u00e1ce? Kdybych \u0159ekl ano, lhal bych. Ne v\u0161ak proto, \u017ee by m\u011b nebavila nebo mi na n\u00ed n\u011bco vadilo. S t\u00edm probl\u00e9m nen\u00ed. Jen je t\u011b\u017ek\u00e9 mluvit o dream jobu, kdy\u017e jsem [&hellip;]\" \/>\n<meta property=\"og:url\" content=\"https:\/\/www.globesy.sk\/cs\/2021\/10\/28\/na-misto-konzultanta-jsem-nastoupil-jako-cerstvy-absolvent-jaka-byla-zkusebni-doba\/\" \/>\n<meta property=\"og:site_name\" content=\"GLOBESY, s.r.o.\" \/>\n<meta property=\"article:publisher\" content=\"https:\/\/www.facebook.com\/GLOBESY\/\" \/>\n<meta property=\"article:published_time\" content=\"2021-10-28T12:38:00+00:00\" \/>\n<meta property=\"article:modified_time\" content=\"2026-02-25T13:50:55+00:00\" \/>\n<meta property=\"og:image\" content=\"https:\/\/www.globesy.sk\/wp-content\/uploads\/2024\/02\/clanok-kariera5.jpg\" \/>\n\t<meta property=\"og:image:width\" content=\"1000\" \/>\n\t<meta property=\"og:image:height\" content=\"750\" \/>\n\t<meta property=\"og:image:type\" content=\"image\/jpeg\" \/>\n<meta name=\"author\" content=\"Matej Blahu\u0161iak\" \/>\n<meta name=\"twitter:card\" content=\"summary_large_image\" \/>\n<meta name=\"twitter:label1\" content=\"Napsal(a)\" \/>\n\t<meta name=\"twitter:data1\" content=\"Matej Blahu\u0161iak\" \/>\n\t<meta name=\"twitter:label2\" content=\"Odhadovan\u00e1 doba \u010dten\u00ed\" \/>\n\t<meta name=\"twitter:data2\" content=\"4 minuty\" \/>\n<script type=\"application\/ld+json\" class=\"yoast-schema-graph\">{\"@context\":\"https:\\\/\\\/schema.org\",\"@graph\":[{\"@type\":\"Article\",\"@id\":\"https:\\\/\\\/www.globesy.sk\\\/cs\\\/2021\\\/10\\\/28\\\/na-misto-konzultanta-jsem-nastoupil-jako-cerstvy-absolvent-jaka-byla-zkusebni-doba\\\/#article\",\"isPartOf\":{\"@id\":\"https:\\\/\\\/www.globesy.sk\\\/cs\\\/2021\\\/10\\\/28\\\/na-misto-konzultanta-jsem-nastoupil-jako-cerstvy-absolvent-jaka-byla-zkusebni-doba\\\/\"},\"author\":{\"name\":\"Matej Blahu\u0161iak\",\"@id\":\"https:\\\/\\\/www.globesy.sk\\\/#\\\/schema\\\/person\\\/139f76fd1218bbcbf143586243e735aa\"},\"headline\":\"Na m\u00edsto konzultanta jsem nastoupil jako \u010derstv\u00fd absolvent. Jak\u00e1 byla zku\u0161ebn\u00ed doba?\",\"datePublished\":\"2021-10-28T12:38:00+00:00\",\"dateModified\":\"2026-02-25T13:50:55+00:00\",\"mainEntityOfPage\":{\"@id\":\"https:\\\/\\\/www.globesy.sk\\\/cs\\\/2021\\\/10\\\/28\\\/na-misto-konzultanta-jsem-nastoupil-jako-cerstvy-absolvent-jaka-byla-zkusebni-doba\\\/\"},\"wordCount\":725,\"commentCount\":0,\"publisher\":{\"@id\":\"https:\\\/\\\/www.globesy.sk\\\/#organization\"},\"image\":{\"@id\":\"https:\\\/\\\/www.globesy.sk\\\/cs\\\/2021\\\/10\\\/28\\\/na-misto-konzultanta-jsem-nastoupil-jako-cerstvy-absolvent-jaka-byla-zkusebni-doba\\\/#primaryimage\"},\"thumbnailUrl\":\"https:\\\/\\\/www.globesy.sk\\\/wp-content\\\/uploads\\\/2024\\\/02\\\/clanok-kariera5.jpg\",\"articleSection\":[\"Employee story\"],\"inLanguage\":\"cs\",\"potentialAction\":[{\"@type\":\"CommentAction\",\"name\":\"Comment\",\"target\":[\"https:\\\/\\\/www.globesy.sk\\\/cs\\\/2021\\\/10\\\/28\\\/na-misto-konzultanta-jsem-nastoupil-jako-cerstvy-absolvent-jaka-byla-zkusebni-doba\\\/#respond\"]}]},{\"@type\":\"WebPage\",\"@id\":\"https:\\\/\\\/www.globesy.sk\\\/cs\\\/2021\\\/10\\\/28\\\/na-misto-konzultanta-jsem-nastoupil-jako-cerstvy-absolvent-jaka-byla-zkusebni-doba\\\/\",\"url\":\"https:\\\/\\\/www.globesy.sk\\\/cs\\\/2021\\\/10\\\/28\\\/na-misto-konzultanta-jsem-nastoupil-jako-cerstvy-absolvent-jaka-byla-zkusebni-doba\\\/\",\"name\":\"Na m\u00edsto konzultanta jsem nastoupil jako \u010derstv\u00fd absolvent. Jak\u00e1 byla zku\u0161ebn\u00ed doba? - GLOBESY, s.r.o.\",\"isPartOf\":{\"@id\":\"https:\\\/\\\/www.globesy.sk\\\/#website\"},\"primaryImageOfPage\":{\"@id\":\"https:\\\/\\\/www.globesy.sk\\\/cs\\\/2021\\\/10\\\/28\\\/na-misto-konzultanta-jsem-nastoupil-jako-cerstvy-absolvent-jaka-byla-zkusebni-doba\\\/#primaryimage\"},\"image\":{\"@id\":\"https:\\\/\\\/www.globesy.sk\\\/cs\\\/2021\\\/10\\\/28\\\/na-misto-konzultanta-jsem-nastoupil-jako-cerstvy-absolvent-jaka-byla-zkusebni-doba\\\/#primaryimage\"},\"thumbnailUrl\":\"https:\\\/\\\/www.globesy.sk\\\/wp-content\\\/uploads\\\/2024\\\/02\\\/clanok-kariera5.jpg\",\"datePublished\":\"2021-10-28T12:38:00+00:00\",\"dateModified\":\"2026-02-25T13:50:55+00:00\",\"inLanguage\":\"cs\",\"potentialAction\":[{\"@type\":\"ReadAction\",\"target\":[\"https:\\\/\\\/www.globesy.sk\\\/cs\\\/2021\\\/10\\\/28\\\/na-misto-konzultanta-jsem-nastoupil-jako-cerstvy-absolvent-jaka-byla-zkusebni-doba\\\/\"]}]},{\"@type\":\"ImageObject\",\"inLanguage\":\"cs\",\"@id\":\"https:\\\/\\\/www.globesy.sk\\\/cs\\\/2021\\\/10\\\/28\\\/na-misto-konzultanta-jsem-nastoupil-jako-cerstvy-absolvent-jaka-byla-zkusebni-doba\\\/#primaryimage\",\"url\":\"https:\\\/\\\/www.globesy.sk\\\/wp-content\\\/uploads\\\/2024\\\/02\\\/clanok-kariera5.jpg\",\"contentUrl\":\"https:\\\/\\\/www.globesy.sk\\\/wp-content\\\/uploads\\\/2024\\\/02\\\/clanok-kariera5.jpg\",\"width\":1000,\"height\":750},{\"@type\":\"WebSite\",\"@id\":\"https:\\\/\\\/www.globesy.sk\\\/#website\",\"url\":\"https:\\\/\\\/www.globesy.sk\\\/\",\"name\":\"GLOBESY, s.r.o.\",\"description\":\"SAP ERP pre informa\u010dn\u00fd syst\u00e9m, v\u00fdvoj, port\u00e1lov\u00e9 rie\u0161enia, mobiln\u00e9 aplik\u00e1cie, konzulta\u010dn\u00e9 slu\u017eby HCM.\",\"publisher\":{\"@id\":\"https:\\\/\\\/www.globesy.sk\\\/#organization\"},\"potentialAction\":[{\"@type\":\"SearchAction\",\"target\":{\"@type\":\"EntryPoint\",\"urlTemplate\":\"https:\\\/\\\/www.globesy.sk\\\/?s={search_term_string}\"},\"query-input\":{\"@type\":\"PropertyValueSpecification\",\"valueRequired\":true,\"valueName\":\"search_term_string\"}}],\"inLanguage\":\"cs\"},{\"@type\":\"Organization\",\"@id\":\"https:\\\/\\\/www.globesy.sk\\\/#organization\",\"name\":\"GLOBESY, s.r.o.\",\"url\":\"https:\\\/\\\/www.globesy.sk\\\/\",\"logo\":{\"@type\":\"ImageObject\",\"inLanguage\":\"cs\",\"@id\":\"https:\\\/\\\/www.globesy.sk\\\/#\\\/schema\\\/logo\\\/image\\\/\",\"url\":\"https:\\\/\\\/www.globesy.sk\\\/wp-content\\\/uploads\\\/2022\\\/07\\\/logogbs-footer.svg\",\"contentUrl\":\"https:\\\/\\\/www.globesy.sk\\\/wp-content\\\/uploads\\\/2022\\\/07\\\/logogbs-footer.svg\",\"width\":221,\"height\":51,\"caption\":\"GLOBESY, s.r.o.\"},\"image\":{\"@id\":\"https:\\\/\\\/www.globesy.sk\\\/#\\\/schema\\\/logo\\\/image\\\/\"},\"sameAs\":[\"https:\\\/\\\/www.facebook.com\\\/GLOBESY\\\/\",\"https:\\\/\\\/www.instagram.com\\\/_globesy_\\\/\",\"https:\\\/\\\/www.linkedin.com\\\/company\\\/globesy-s-r-o-\\\/\"]},{\"@type\":\"Person\",\"@id\":\"https:\\\/\\\/www.globesy.sk\\\/#\\\/schema\\\/person\\\/139f76fd1218bbcbf143586243e735aa\",\"name\":\"Matej Blahu\u0161iak\",\"image\":{\"@type\":\"ImageObject\",\"inLanguage\":\"cs\",\"@id\":\"https:\\\/\\\/secure.gravatar.com\\\/avatar\\\/d156c9a5231c78589c6df46bfd16f801bbf0b3e5335ef21eab330df02da0c070?s=96&d=mm&r=g\",\"url\":\"https:\\\/\\\/secure.gravatar.com\\\/avatar\\\/d156c9a5231c78589c6df46bfd16f801bbf0b3e5335ef21eab330df02da0c070?s=96&d=mm&r=g\",\"contentUrl\":\"https:\\\/\\\/secure.gravatar.com\\\/avatar\\\/d156c9a5231c78589c6df46bfd16f801bbf0b3e5335ef21eab330df02da0c070?s=96&d=mm&r=g\",\"caption\":\"Matej Blahu\u0161iak\"},\"url\":\"https:\\\/\\\/www.globesy.sk\\\/cs\\\/author\\\/matej-blahusiak\\\/\"}]}<\/script>\n<!-- \/ Yoast SEO plugin. -->","yoast_head_json":{"title":"Na m\u00edsto konzultanta jsem nastoupil jako \u010derstv\u00fd absolvent. Jak\u00e1 byla zku\u0161ebn\u00ed doba? - GLOBESY, s.r.o.","robots":{"index":"index","follow":"follow","max-snippet":"max-snippet:-1","max-image-preview":"max-image-preview:large","max-video-preview":"max-video-preview:-1"},"canonical":"https:\/\/www.globesy.sk\/cs\/2021\/10\/28\/na-misto-konzultanta-jsem-nastoupil-jako-cerstvy-absolvent-jaka-byla-zkusebni-doba\/","og_locale":"cs_CZ","og_type":"article","og_title":"Na m\u00edsto konzultanta jsem nastoupil jako \u010derstv\u00fd absolvent. Jak\u00e1 byla zku\u0161ebn\u00ed doba? - GLOBESY, s.r.o.","og_description":"Dnes je to o n\u011bco m\u00e1lo v\u00edce ne\u017e t\u0159i m\u011bs\u00edce, co jsem nastoupil do GLOBESY jako junior konzultant. Byla to v\u017edy moje vysn\u011bn\u00e1 pr\u00e1ce? Kdybych \u0159ekl ano, lhal bych. Ne v\u0161ak proto, \u017ee by m\u011b nebavila nebo mi na n\u00ed n\u011bco vadilo. S t\u00edm probl\u00e9m nen\u00ed. Jen je t\u011b\u017ek\u00e9 mluvit o dream jobu, kdy\u017e jsem [&hellip;]","og_url":"https:\/\/www.globesy.sk\/cs\/2021\/10\/28\/na-misto-konzultanta-jsem-nastoupil-jako-cerstvy-absolvent-jaka-byla-zkusebni-doba\/","og_site_name":"GLOBESY, s.r.o.","article_publisher":"https:\/\/www.facebook.com\/GLOBESY\/","article_published_time":"2021-10-28T12:38:00+00:00","article_modified_time":"2026-02-25T13:50:55+00:00","og_image":[{"width":1000,"height":750,"url":"https:\/\/www.globesy.sk\/wp-content\/uploads\/2024\/02\/clanok-kariera5.jpg","type":"image\/jpeg"}],"author":"Matej Blahu\u0161iak","twitter_card":"summary_large_image","twitter_misc":{"Napsal(a)":"Matej Blahu\u0161iak","Odhadovan\u00e1 doba \u010dten\u00ed":"4 minuty"},"schema":{"@context":"https:\/\/schema.org","@graph":[{"@type":"Article","@id":"https:\/\/www.globesy.sk\/cs\/2021\/10\/28\/na-misto-konzultanta-jsem-nastoupil-jako-cerstvy-absolvent-jaka-byla-zkusebni-doba\/#article","isPartOf":{"@id":"https:\/\/www.globesy.sk\/cs\/2021\/10\/28\/na-misto-konzultanta-jsem-nastoupil-jako-cerstvy-absolvent-jaka-byla-zkusebni-doba\/"},"author":{"name":"Matej Blahu\u0161iak","@id":"https:\/\/www.globesy.sk\/#\/schema\/person\/139f76fd1218bbcbf143586243e735aa"},"headline":"Na m\u00edsto konzultanta jsem nastoupil jako \u010derstv\u00fd absolvent. Jak\u00e1 byla zku\u0161ebn\u00ed doba?","datePublished":"2021-10-28T12:38:00+00:00","dateModified":"2026-02-25T13:50:55+00:00","mainEntityOfPage":{"@id":"https:\/\/www.globesy.sk\/cs\/2021\/10\/28\/na-misto-konzultanta-jsem-nastoupil-jako-cerstvy-absolvent-jaka-byla-zkusebni-doba\/"},"wordCount":725,"commentCount":0,"publisher":{"@id":"https:\/\/www.globesy.sk\/#organization"},"image":{"@id":"https:\/\/www.globesy.sk\/cs\/2021\/10\/28\/na-misto-konzultanta-jsem-nastoupil-jako-cerstvy-absolvent-jaka-byla-zkusebni-doba\/#primaryimage"},"thumbnailUrl":"https:\/\/www.globesy.sk\/wp-content\/uploads\/2024\/02\/clanok-kariera5.jpg","articleSection":["Employee story"],"inLanguage":"cs","potentialAction":[{"@type":"CommentAction","name":"Comment","target":["https:\/\/www.globesy.sk\/cs\/2021\/10\/28\/na-misto-konzultanta-jsem-nastoupil-jako-cerstvy-absolvent-jaka-byla-zkusebni-doba\/#respond"]}]},{"@type":"WebPage","@id":"https:\/\/www.globesy.sk\/cs\/2021\/10\/28\/na-misto-konzultanta-jsem-nastoupil-jako-cerstvy-absolvent-jaka-byla-zkusebni-doba\/","url":"https:\/\/www.globesy.sk\/cs\/2021\/10\/28\/na-misto-konzultanta-jsem-nastoupil-jako-cerstvy-absolvent-jaka-byla-zkusebni-doba\/","name":"Na m\u00edsto konzultanta jsem nastoupil jako \u010derstv\u00fd absolvent. Jak\u00e1 byla zku\u0161ebn\u00ed doba? - GLOBESY, s.r.o.","isPartOf":{"@id":"https:\/\/www.globesy.sk\/#website"},"primaryImageOfPage":{"@id":"https:\/\/www.globesy.sk\/cs\/2021\/10\/28\/na-misto-konzultanta-jsem-nastoupil-jako-cerstvy-absolvent-jaka-byla-zkusebni-doba\/#primaryimage"},"image":{"@id":"https:\/\/www.globesy.sk\/cs\/2021\/10\/28\/na-misto-konzultanta-jsem-nastoupil-jako-cerstvy-absolvent-jaka-byla-zkusebni-doba\/#primaryimage"},"thumbnailUrl":"https:\/\/www.globesy.sk\/wp-content\/uploads\/2024\/02\/clanok-kariera5.jpg","datePublished":"2021-10-28T12:38:00+00:00","dateModified":"2026-02-25T13:50:55+00:00","inLanguage":"cs","potentialAction":[{"@type":"ReadAction","target":["https:\/\/www.globesy.sk\/cs\/2021\/10\/28\/na-misto-konzultanta-jsem-nastoupil-jako-cerstvy-absolvent-jaka-byla-zkusebni-doba\/"]}]},{"@type":"ImageObject","inLanguage":"cs","@id":"https:\/\/www.globesy.sk\/cs\/2021\/10\/28\/na-misto-konzultanta-jsem-nastoupil-jako-cerstvy-absolvent-jaka-byla-zkusebni-doba\/#primaryimage","url":"https:\/\/www.globesy.sk\/wp-content\/uploads\/2024\/02\/clanok-kariera5.jpg","contentUrl":"https:\/\/www.globesy.sk\/wp-content\/uploads\/2024\/02\/clanok-kariera5.jpg","width":1000,"height":750},{"@type":"WebSite","@id":"https:\/\/www.globesy.sk\/#website","url":"https:\/\/www.globesy.sk\/","name":"GLOBESY, s.r.o.","description":"SAP ERP pre informa\u010dn\u00fd syst\u00e9m, v\u00fdvoj, port\u00e1lov\u00e9 rie\u0161enia, mobiln\u00e9 aplik\u00e1cie, konzulta\u010dn\u00e9 slu\u017eby HCM.","publisher":{"@id":"https:\/\/www.globesy.sk\/#organization"},"potentialAction":[{"@type":"SearchAction","target":{"@type":"EntryPoint","urlTemplate":"https:\/\/www.globesy.sk\/?s={search_term_string}"},"query-input":{"@type":"PropertyValueSpecification","valueRequired":true,"valueName":"search_term_string"}}],"inLanguage":"cs"},{"@type":"Organization","@id":"https:\/\/www.globesy.sk\/#organization","name":"GLOBESY, s.r.o.","url":"https:\/\/www.globesy.sk\/","logo":{"@type":"ImageObject","inLanguage":"cs","@id":"https:\/\/www.globesy.sk\/#\/schema\/logo\/image\/","url":"https:\/\/www.globesy.sk\/wp-content\/uploads\/2022\/07\/logogbs-footer.svg","contentUrl":"https:\/\/www.globesy.sk\/wp-content\/uploads\/2022\/07\/logogbs-footer.svg","width":221,"height":51,"caption":"GLOBESY, s.r.o."},"image":{"@id":"https:\/\/www.globesy.sk\/#\/schema\/logo\/image\/"},"sameAs":["https:\/\/www.facebook.com\/GLOBESY\/","https:\/\/www.instagram.com\/_globesy_\/","https:\/\/www.linkedin.com\/company\/globesy-s-r-o-\/"]},{"@type":"Person","@id":"https:\/\/www.globesy.sk\/#\/schema\/person\/139f76fd1218bbcbf143586243e735aa","name":"Matej Blahu\u0161iak","image":{"@type":"ImageObject","inLanguage":"cs","@id":"https:\/\/secure.gravatar.com\/avatar\/d156c9a5231c78589c6df46bfd16f801bbf0b3e5335ef21eab330df02da0c070?s=96&d=mm&r=g","url":"https:\/\/secure.gravatar.com\/avatar\/d156c9a5231c78589c6df46bfd16f801bbf0b3e5335ef21eab330df02da0c070?s=96&d=mm&r=g","contentUrl":"https:\/\/secure.gravatar.com\/avatar\/d156c9a5231c78589c6df46bfd16f801bbf0b3e5335ef21eab330df02da0c070?s=96&d=mm&r=g","caption":"Matej Blahu\u0161iak"},"url":"https:\/\/www.globesy.sk\/cs\/author\/matej-blahusiak\/"}]}},"_links":{"self":[{"href":"https:\/\/www.globesy.sk\/cs\/wp-json\/wp\/v2\/posts\/49756","targetHints":{"allow":["GET"]}}],"collection":[{"href":"https:\/\/www.globesy.sk\/cs\/wp-json\/wp\/v2\/posts"}],"about":[{"href":"https:\/\/www.globesy.sk\/cs\/wp-json\/wp\/v2\/types\/post"}],"author":[{"embeddable":true,"href":"https:\/\/www.globesy.sk\/cs\/wp-json\/wp\/v2\/users\/2"}],"replies":[{"embeddable":true,"href":"https:\/\/www.globesy.sk\/cs\/wp-json\/wp\/v2\/comments?post=49756"}],"version-history":[{"count":1,"href":"https:\/\/www.globesy.sk\/cs\/wp-json\/wp\/v2\/posts\/49756\/revisions"}],"predecessor-version":[{"id":49757,"href":"https:\/\/www.globesy.sk\/cs\/wp-json\/wp\/v2\/posts\/49756\/revisions\/49757"}],"wp:featuredmedia":[{"embeddable":true,"href":"https:\/\/www.globesy.sk\/cs\/wp-json\/wp\/v2\/media\/48219"}],"wp:attachment":[{"href":"https:\/\/www.globesy.sk\/cs\/wp-json\/wp\/v2\/media?parent=49756"}],"wp:term":[{"taxonomy":"category","embeddable":true,"href":"https:\/\/www.globesy.sk\/cs\/wp-json\/wp\/v2\/categories?post=49756"},{"taxonomy":"post_tag","embeddable":true,"href":"https:\/\/www.globesy.sk\/cs\/wp-json\/wp\/v2\/tags?post=49756"}],"curies":[{"name":"wp","href":"https:\/\/api.w.org\/{rel}","templated":true}]}}